{"id":4809,"date":"2022-12-19T08:41:00","date_gmt":"2022-12-19T06:41:00","guid":{"rendered":"https:\/\/plastar.ee\/uudis\/estiko-plastar-behaller-sin-guldniva-som-familjevanlig-arbetsgivare\/"},"modified":"2023-01-04T08:44:44","modified_gmt":"2023-01-04T06:44:44","slug":"estiko-plastar-behaller-sin-guldniva-som-familjevanlig-arbetsgivare","status":"publish","type":"news","link":"https:\/\/plastar.ee\/sv\/nyhet\/estiko-plastar-behaller-sin-guldniva-som-familjevanlig-arbetsgivare\/","title":{"rendered":"Estiko-Plastar beh\u00e5ller sin guldniv\u00e5 som familjev\u00e4nlig arbetsgivare"},"content":{"rendered":"<!DOCTYPE html PUBLIC \"-\/\/W3C\/\/DTD HTML 4.0 Transitional\/\/EN\" \"http:\/\/www.w3.org\/TR\/REC-html40\/loose.dtd\">\n<html><body><p>Enligt Estlands h&auml;lso- och arbetsminister Peep Peterson har den intensiva konkurrensen p&aring; arbetsmarknaden, och en allm&auml;n f&ouml;r&auml;ndring av attityden till att st&ouml;dja anst&auml;llda, gjort att &auml;mnet familjev&auml;nlighet blivit allt viktigare f&ouml;r organisationer. &rdquo;Under snabbt f&ouml;r&auml;nderliga omst&auml;ndigheter f&ouml;r&auml;ndras ocks&aring; arbetsmilj&ouml;erna st&auml;ndigt. F&ouml;r f&ouml;retag &auml;r det en utmaning att h&auml;nga med i dessa f&ouml;r&auml;ndringar samtidigt som de st&ouml;ttar sitt team p&aring; b&auml;sta m&ouml;jliga s&auml;tt. Att f&aring; ett erk&auml;nnande f&ouml;r medarbetar- och familjev&auml;nlighet inneb&auml;r allts&aring; inte att arbetet inom detta omr&aring;de upph&ouml;r. Genom att delta i programmet b&ouml;rjar ist&auml;llet en varaktig process som inneb&auml;r anpassning och kontinuerlig utveckling,&rdquo; s&auml;ger Peterson.<\/p>\n\n\n\n<p><a href=\"https:\/\/plastar.ee\/en\/insight\/family-friendly-employer\/\">Estiko-Plastar uppn&aring;dde guldniv&aring;n som familjev&auml;nlig arbetsgivare f&ouml;r f&ouml;rsta g&aring;ngen 2020<\/a>. I &aring;r beh&ouml;vde en uppf&ouml;ljande utv&auml;rdering g&ouml;ras f&ouml;r att bed&ouml;ma om f&ouml;retaget har kunnat h&aring;lla den uppn&aring;dda niv&aring;n.<\/p>\n\n\n\n<p>F&ouml;retagsniv&aring;n utv&auml;rderades av konsultf&ouml;retaget Civitta p&aring; uppdrag av Socialdepartementet. Bland annat genom en enk&auml;tunders&ouml;kning bland de anst&auml;llda genomf&ouml;rdes och det material som f&ouml;retaget tillhandah&aring;llit analyserades.<\/p>\n\n\n\n<p>Enligt juryn forts&auml;tter Estiko-Plastar att vara en organisation p&aring; guldniv&aring; d&auml;r tidigare familje- och medarbetar unders&ouml;kningar och dess tidigare &aring;tg&auml;rder implementerats v&auml;l. F&ouml;rutom f&ouml;rpackningsproduktion har familjev&auml;nliga v&auml;rderingar ocks&aring; &ouml;verf&ouml;rts till andra f&ouml;retag inom Estiko Group och alla beslut beaktas utifr&aring;n familjev&auml;nlighetens prisma. &ndash; Som tillverkningsf&ouml;retag &auml;r det ibland sv&aring;rt att erbjuda alla anst&auml;llda, till exempel flexibilitet i arbetstiden. Vi har dock kunnat kompensera detta med en v&auml;lkomnande attityd och genom att testa olika scheman&rdquo;, s&auml;ger Ireen Saealle, HR-chef f&ouml;r Estiko-Plastar och Estiko Group. &rdquo;Dessutom erbjuder vi ett mycket brett f&ouml;rm&aring;nspaket, fr&aring;n olika ers&auml;ttningar och bonusar till ytterligare sjukf&ouml;rs&auml;kringar, rabatter, teambuilding-evenemang och h&auml;lsost&ouml;dssystem. Det &auml;r mycket uppskattat och har f&aring;tt ett varmt v&auml;lkomnande av v&aring;ra anst&auml;llda&rdquo;, till&auml;gger Saealle.<\/p>\n\n\n\n<p><a href=\"https:\/\/tooelu.ee\/et\/126\/peresobraliku-tooandja-margis#peresobraliku-tooandja-margise-programm\" target=\"_blank\" rel=\"noopener\">Programmet Familjev&auml;nlig arbetsgivare<\/a> har inr&auml;ttats av Estlands socialdepartement i samarbete med Civitta Estonia AS f&ouml;r att uppm&auml;rksamma den familjev&auml;nliga kulturen i f&ouml;retag. Arbetsgivare inom b&aring;de privat och offentlig sektor samt medborgarf&ouml;reningar kan ans&ouml;ka om m&auml;rket. En uppf&ouml;ljande bed&ouml;mning kommer att ske om tv&aring; &aring;r.<\/p>\n\n\n\n<p>L&auml;r dig mer om <a href=\"https:\/\/plastar.ee\/sv\/karriar\/\">v&aring;ra v&auml;rderingar och andra erk&auml;nnanden<\/a>.<\/p>\n\n\n\n<div style=\"height:15px\" aria-hidden=\"true\" class=\"wp-block-spacer\"><\/div>\n\n\n\n<div class=\"wp-block-columns is-layout-flex wp-container-core-columns-is-layout-9d6595d7 wp-block-columns-is-layout-flex\">\n<div class=\"wp-block-column is-layout-flow wp-block-column-is-layout-flow\" style=\"flex-basis:25%\">\n<figure class=\"wp-block-image size-full\"><img decoding=\"async\" src=\"https:\/\/plastar.ee\/wp-content\/uploads\/2022\/03\/Family-Friendly_Employer_Estiko.png\" alt=\"\" class=\"wp-image-3832\"><\/figure>\n<\/div>\n\n\n\n<div class=\"wp-block-column is-layout-flow wp-block-column-is-layout-flow\" style=\"flex-basis:50%\"><\/div>\n\n\n\n<div class=\"wp-block-column is-layout-flow wp-block-column-is-layout-flow\" style=\"flex-basis:25%\"><\/div>\n<\/div>\n<\/body><\/html>\n","protected":false},"excerpt":{"rendered":"<p>Den 23 november tillk\u00e4nnagav Estlands socialdepartement de mest familjev\u00e4nliga arbetsgivarna i landet och utm\u00e4rkte de f\u00f6retag som klarat av uppf\u00f6ljningsprocessen. F\u00f6r andra perioden i rad forts\u00e4tter Estiko-Plastar att uppm\u00e4rksammas som en familjev\u00e4nlig arbetsgivaren p\u00e5 guldniv\u00e5.<\/p>\n","protected":false},"featured_media":4788,"template":"","categories":[82],"tags":[154],"class_list":["post-4809","news","type-news","status-publish","has-post-thumbnail","hentry","category-nyheter","tag-familjevanlig-arbetsgivare"],"acf":[],"yoast_head":"<!-- This site is optimized with the Yoast SEO plugin v27.4 - https:\/\/yoast.com\/product\/yoast-seo-wordpress\/ -->\n<title>Estiko-Plastar beh\u00e5ller sin guldniv\u00e5 som familjev\u00e4nlig arbetsgivare | Estiko Packaging Solutions<\/title>\n<meta name=\"description\" content=\"F\u00f6r andra g\u00e5ngen i rad forts\u00e4tter Estiko-Plastar att uppm\u00e4rksammas med guldniv\u00e5 som den familjev\u00e4nliga arbetsgivaren.\" \/>\n<meta name=\"robots\" content=\"index, follow, max-snippet:-1, max-image-preview:large, max-video-preview:-1\" \/>\n<link rel=\"canonical\" href=\"https:\/\/plastar.ee\/sv\/nyhet\/estiko-plastar-behaller-sin-guldniva-som-familjevanlig-arbetsgivare\/\" \/>\n<meta property=\"og:locale\" content=\"sv_SE\" \/>\n<meta property=\"og:type\" content=\"article\" \/>\n<meta property=\"og:title\" content=\"Estiko-Plastar beh\u00e5ller sin guldniv\u00e5 som familjev\u00e4nlig arbetsgivare | Estiko Packaging Solutions\" \/>\n<meta property=\"og:description\" content=\"F\u00f6r andra g\u00e5ngen i rad forts\u00e4tter Estiko-Plastar att uppm\u00e4rksammas med guldniv\u00e5 som den familjev\u00e4nliga arbetsgivaren.\" \/>\n<meta property=\"og:url\" content=\"https:\/\/plastar.ee\/sv\/nyhet\/estiko-plastar-behaller-sin-guldniva-som-familjevanlig-arbetsgivare\/\" \/>\n<meta property=\"og:site_name\" content=\"Estiko Packaging Solutions\" \/>\n<meta property=\"article:publisher\" content=\"https:\/\/www.facebook.com\/EstikoPlastar\" \/>\n<meta property=\"article:modified_time\" content=\"2023-01-04T06:44:44+00:00\" \/>\n<meta property=\"og:image\" content=\"https:\/\/plastar.ee\/wp-content\/uploads\/2022\/12\/Family-Friendly-Employer_Estiko-1.png\" \/>\n\t<meta property=\"og:image:width\" content=\"1000\" \/>\n\t<meta property=\"og:image:height\" content=\"627\" \/>\n\t<meta property=\"og:image:type\" content=\"image\/png\" \/>\n<meta name=\"twitter:card\" content=\"summary_large_image\" \/>\n<script type=\"application\/ld+json\" class=\"yoast-schema-graph\">{\"@context\":\"https:\\\/\\\/schema.org\",\"@graph\":[{\"@type\":\"WebPage\",\"@id\":\"https:\\\/\\\/plastar.ee\\\/sv\\\/nyhet\\\/estiko-plastar-behaller-sin-guldniva-som-familjevanlig-arbetsgivare\\\/\",\"url\":\"https:\\\/\\\/plastar.ee\\\/sv\\\/nyhet\\\/estiko-plastar-behaller-sin-guldniva-som-familjevanlig-arbetsgivare\\\/\",\"name\":\"Estiko-Plastar beh\u00e5ller sin guldniv\u00e5 som familjev\u00e4nlig arbetsgivare | Estiko Packaging Solutions\",\"isPartOf\":{\"@id\":\"https:\\\/\\\/plastar.ee\\\/sv\\\/#website\"},\"primaryImageOfPage\":{\"@id\":\"https:\\\/\\\/plastar.ee\\\/sv\\\/nyhet\\\/estiko-plastar-behaller-sin-guldniva-som-familjevanlig-arbetsgivare\\\/#primaryimage\"},\"image\":{\"@id\":\"https:\\\/\\\/plastar.ee\\\/sv\\\/nyhet\\\/estiko-plastar-behaller-sin-guldniva-som-familjevanlig-arbetsgivare\\\/#primaryimage\"},\"thumbnailUrl\":\"https:\\\/\\\/plastar.ee\\\/wp-content\\\/uploads\\\/2022\\\/12\\\/Family-Friendly-Employer_Estiko-1.png\",\"datePublished\":\"2022-12-19T06:41:00+00:00\",\"dateModified\":\"2023-01-04T06:44:44+00:00\",\"description\":\"F\u00f6r andra g\u00e5ngen i rad forts\u00e4tter Estiko-Plastar att uppm\u00e4rksammas med guldniv\u00e5 som den familjev\u00e4nliga arbetsgivaren.\",\"inLanguage\":\"sv-SE\",\"potentialAction\":[{\"@type\":\"ReadAction\",\"target\":[\"https:\\\/\\\/plastar.ee\\\/sv\\\/nyhet\\\/estiko-plastar-behaller-sin-guldniva-som-familjevanlig-arbetsgivare\\\/\"]}]},{\"@type\":\"ImageObject\",\"inLanguage\":\"sv-SE\",\"@id\":\"https:\\\/\\\/plastar.ee\\\/sv\\\/nyhet\\\/estiko-plastar-behaller-sin-guldniva-som-familjevanlig-arbetsgivare\\\/#primaryimage\",\"url\":\"https:\\\/\\\/plastar.ee\\\/wp-content\\\/uploads\\\/2022\\\/12\\\/Family-Friendly-Employer_Estiko-1.png\",\"contentUrl\":\"https:\\\/\\\/plastar.ee\\\/wp-content\\\/uploads\\\/2022\\\/12\\\/Family-Friendly-Employer_Estiko-1.png\",\"width\":1000,\"height\":627},{\"@type\":\"WebSite\",\"@id\":\"https:\\\/\\\/plastar.ee\\\/sv\\\/#website\",\"url\":\"https:\\\/\\\/plastar.ee\\\/sv\\\/\",\"name\":\"Estiko Packaging Solutions\",\"description\":\"Kindel partner pakendilahendustes\",\"publisher\":{\"@id\":\"https:\\\/\\\/plastar.ee\\\/sv\\\/#organization\"},\"potentialAction\":[{\"@type\":\"SearchAction\",\"target\":{\"@type\":\"EntryPoint\",\"urlTemplate\":\"https:\\\/\\\/plastar.ee\\\/sv\\\/?s={search_term_string}\"},\"query-input\":{\"@type\":\"PropertyValueSpecification\",\"valueRequired\":true,\"valueName\":\"search_term_string\"}}],\"inLanguage\":\"sv-SE\"},{\"@type\":\"Organization\",\"@id\":\"https:\\\/\\\/plastar.ee\\\/sv\\\/#organization\",\"name\":\"Estiko Packaging Solutions\",\"url\":\"https:\\\/\\\/plastar.ee\\\/sv\\\/\",\"logo\":{\"@type\":\"ImageObject\",\"inLanguage\":\"sv-SE\",\"@id\":\"https:\\\/\\\/plastar.ee\\\/sv\\\/#\\\/schema\\\/logo\\\/image\\\/\",\"url\":\"https:\\\/\\\/plastar.ee\\\/wp-content\\\/uploads\\\/2023\\\/11\\\/Estiko-Plastar_logo_03.svg\",\"contentUrl\":\"https:\\\/\\\/plastar.ee\\\/wp-content\\\/uploads\\\/2023\\\/11\\\/Estiko-Plastar_logo_03.svg\",\"width\":475,\"height\":165,\"caption\":\"Estiko Packaging Solutions\"},\"image\":{\"@id\":\"https:\\\/\\\/plastar.ee\\\/sv\\\/#\\\/schema\\\/logo\\\/image\\\/\"},\"sameAs\":[\"https:\\\/\\\/www.facebook.com\\\/EstikoPlastar\",\"https:\\\/\\\/www.linkedin.com\\\/company\\\/estiko-plastar-as\",\"https:\\\/\\\/www.youtube.com\\\/channel\\\/UCbI4N1FRv14oZqm-OYSsn3A\",\"https:\\\/\\\/www.instagram.com\\\/estikopackaging\\\/\"]}]}<\/script>\n<!-- \/ Yoast SEO plugin. -->","yoast_head_json":{"title":"Estiko-Plastar beh\u00e5ller sin guldniv\u00e5 som familjev\u00e4nlig arbetsgivare | Estiko Packaging Solutions","description":"F\u00f6r andra g\u00e5ngen i rad forts\u00e4tter Estiko-Plastar att uppm\u00e4rksammas med guldniv\u00e5 som den familjev\u00e4nliga arbetsgivaren.","robots":{"index":"index","follow":"follow","max-snippet":"max-snippet:-1","max-image-preview":"max-image-preview:large","max-video-preview":"max-video-preview:-1"},"canonical":"https:\/\/plastar.ee\/sv\/nyhet\/estiko-plastar-behaller-sin-guldniva-som-familjevanlig-arbetsgivare\/","og_locale":"sv_SE","og_type":"article","og_title":"Estiko-Plastar beh\u00e5ller sin guldniv\u00e5 som familjev\u00e4nlig arbetsgivare | Estiko Packaging Solutions","og_description":"F\u00f6r andra g\u00e5ngen i rad forts\u00e4tter Estiko-Plastar att uppm\u00e4rksammas med guldniv\u00e5 som den familjev\u00e4nliga arbetsgivaren.","og_url":"https:\/\/plastar.ee\/sv\/nyhet\/estiko-plastar-behaller-sin-guldniva-som-familjevanlig-arbetsgivare\/","og_site_name":"Estiko Packaging Solutions","article_publisher":"https:\/\/www.facebook.com\/EstikoPlastar","article_modified_time":"2023-01-04T06:44:44+00:00","og_image":[{"width":1000,"height":627,"url":"https:\/\/plastar.ee\/wp-content\/uploads\/2022\/12\/Family-Friendly-Employer_Estiko-1.png","type":"image\/png"}],"twitter_card":"summary_large_image","schema":{"@context":"https:\/\/schema.org","@graph":[{"@type":"WebPage","@id":"https:\/\/plastar.ee\/sv\/nyhet\/estiko-plastar-behaller-sin-guldniva-som-familjevanlig-arbetsgivare\/","url":"https:\/\/plastar.ee\/sv\/nyhet\/estiko-plastar-behaller-sin-guldniva-som-familjevanlig-arbetsgivare\/","name":"Estiko-Plastar beh\u00e5ller sin guldniv\u00e5 som familjev\u00e4nlig arbetsgivare | Estiko Packaging Solutions","isPartOf":{"@id":"https:\/\/plastar.ee\/sv\/#website"},"primaryImageOfPage":{"@id":"https:\/\/plastar.ee\/sv\/nyhet\/estiko-plastar-behaller-sin-guldniva-som-familjevanlig-arbetsgivare\/#primaryimage"},"image":{"@id":"https:\/\/plastar.ee\/sv\/nyhet\/estiko-plastar-behaller-sin-guldniva-som-familjevanlig-arbetsgivare\/#primaryimage"},"thumbnailUrl":"https:\/\/plastar.ee\/wp-content\/uploads\/2022\/12\/Family-Friendly-Employer_Estiko-1.png","datePublished":"2022-12-19T06:41:00+00:00","dateModified":"2023-01-04T06:44:44+00:00","description":"F\u00f6r andra g\u00e5ngen i rad forts\u00e4tter Estiko-Plastar att uppm\u00e4rksammas med guldniv\u00e5 som den familjev\u00e4nliga arbetsgivaren.","inLanguage":"sv-SE","potentialAction":[{"@type":"ReadAction","target":["https:\/\/plastar.ee\/sv\/nyhet\/estiko-plastar-behaller-sin-guldniva-som-familjevanlig-arbetsgivare\/"]}]},{"@type":"ImageObject","inLanguage":"sv-SE","@id":"https:\/\/plastar.ee\/sv\/nyhet\/estiko-plastar-behaller-sin-guldniva-som-familjevanlig-arbetsgivare\/#primaryimage","url":"https:\/\/plastar.ee\/wp-content\/uploads\/2022\/12\/Family-Friendly-Employer_Estiko-1.png","contentUrl":"https:\/\/plastar.ee\/wp-content\/uploads\/2022\/12\/Family-Friendly-Employer_Estiko-1.png","width":1000,"height":627},{"@type":"WebSite","@id":"https:\/\/plastar.ee\/sv\/#website","url":"https:\/\/plastar.ee\/sv\/","name":"Estiko Packaging Solutions","description":"Kindel partner pakendilahendustes","publisher":{"@id":"https:\/\/plastar.ee\/sv\/#organization"},"potentialAction":[{"@type":"SearchAction","target":{"@type":"EntryPoint","urlTemplate":"https:\/\/plastar.ee\/sv\/?s={search_term_string}"},"query-input":{"@type":"PropertyValueSpecification","valueRequired":true,"valueName":"search_term_string"}}],"inLanguage":"sv-SE"},{"@type":"Organization","@id":"https:\/\/plastar.ee\/sv\/#organization","name":"Estiko Packaging Solutions","url":"https:\/\/plastar.ee\/sv\/","logo":{"@type":"ImageObject","inLanguage":"sv-SE","@id":"https:\/\/plastar.ee\/sv\/#\/schema\/logo\/image\/","url":"https:\/\/plastar.ee\/wp-content\/uploads\/2023\/11\/Estiko-Plastar_logo_03.svg","contentUrl":"https:\/\/plastar.ee\/wp-content\/uploads\/2023\/11\/Estiko-Plastar_logo_03.svg","width":475,"height":165,"caption":"Estiko Packaging Solutions"},"image":{"@id":"https:\/\/plastar.ee\/sv\/#\/schema\/logo\/image\/"},"sameAs":["https:\/\/www.facebook.com\/EstikoPlastar","https:\/\/www.linkedin.com\/company\/estiko-plastar-as","https:\/\/www.youtube.com\/channel\/UCbI4N1FRv14oZqm-OYSsn3A","https:\/\/www.instagram.com\/estikopackaging\/"]}]}},"_links":{"self":[{"href":"https:\/\/plastar.ee\/sv\/wp-json\/wp\/v2\/news\/4809","targetHints":{"allow":["GET"]}}],"collection":[{"href":"https:\/\/plastar.ee\/sv\/wp-json\/wp\/v2\/news"}],"about":[{"href":"https:\/\/plastar.ee\/sv\/wp-json\/wp\/v2\/types\/news"}],"wp:featuredmedia":[{"embeddable":true,"href":"https:\/\/plastar.ee\/sv\/wp-json\/wp\/v2\/media\/4788"}],"wp:attachment":[{"href":"https:\/\/plastar.ee\/sv\/wp-json\/wp\/v2\/media?parent=4809"}],"wp:term":[{"taxonomy":"category","embeddable":true,"href":"https:\/\/plastar.ee\/sv\/wp-json\/wp\/v2\/categories?post=4809"},{"taxonomy":"post_tag","embeddable":true,"href":"https:\/\/plastar.ee\/sv\/wp-json\/wp\/v2\/tags?post=4809"}],"curies":[{"name":"wp","href":"https:\/\/api.w.org\/{rel}","templated":true}]}}